{"id":4797,"date":"2020-09-27T15:19:34","date_gmt":"2020-09-27T15:19:34","guid":{"rendered":"http:\/\/www.intxorta.org\/blog\/omenaldia-frankismoaren-errepresaliatu-guztiei-2\/"},"modified":"2020-09-27T15:19:34","modified_gmt":"2020-09-27T15:19:34","slug":"mondragon-homenaje-victimas-franquismo","status":"publish","type":"post","link":"https:\/\/www.intxorta.org\/tienda\/blog\/mondragon-homenaje-victimas-franquismo\/","title":{"rendered":"Mondrag\u00f3n: Homenaje a las victimas del franquismo"},"content":{"rendered":"<p>[et_pb_section fb_built=\u00bb1&#8243; _builder_version=\u00bb4.6.5&#8243; _module_preset=\u00bbdefault\u00bb][et_pb_row _builder_version=\u00bb4.6.5&#8243; _module_preset=\u00bbdefault\u00bb][et_pb_column type=\u00bb4_4&#8243; _builder_version=\u00bb4.6.5&#8243; _module_preset=\u00bbdefault\u00bb][et_pb_text _builder_version=\u00bb4.6.5&#8243; _module_preset=\u00bbdefault\u00bb text_text_color=\u00bb#000000&#8243; hover_enabled=\u00bb0&#8243; sticky_enabled=\u00bb0&#8243;]<\/p>\n<p style=\"margin-bottom: 0.28cm; line-height: 108%;\"><a name=\"_GoBack\"><\/a>Mondragon: en el 84 aniversario de la entrada de las tropas fascistas en esta poblaci\u00f3n, se ha realizado un homenaje a las v\u00edctimas del franquismo y a continuaci\u00f3n se ha presentado el libro Emakumeon Memoria- Memoria de las Mujeres de Intxorta a Artxanda. Han asistido a los dos actos la alcaldesa y concejales de PNV,PSOE y EH BIldu.<\/p>\n<p>[\/et_pb_text][et_pb_image src=\u00bbhttp:\/\/www.intxorta.org\/wp-content\/uploads\/2020\/09\/lore-eskeintza-2020.jpg\u00bb title_text=\u00bblore eskeintza 2020&#8243; _builder_version=\u00bb4.6.5&#8243; _module_preset=\u00bbdefault\u00bb][\/et_pb_image][et_pb_image src=\u00bbhttp:\/\/www.intxorta.org\/wp-content\/uploads\/2020\/09\/IMG-20200926-WA0003.jpg\u00bb title_text=\u00bbIMG-20200926-WA0003&#8243; _builder_version=\u00bb4.6.5&#8243; _module_preset=\u00bbdefault\u00bb][\/et_pb_image][et_pb_image src=\u00bbhttp:\/\/www.intxorta.org\/wp-content\/uploads\/2020\/09\/IMG-20200926-WA0002.jpg\u00bb title_text=\u00bbIMG-20200926-WA0002&#8243; _builder_version=\u00bb4.6.5&#8243; _module_preset=\u00bbdefault\u00bb][\/et_pb_image][et_pb_image src=\u00bbhttp:\/\/www.intxorta.org\/wp-content\/uploads\/2020\/09\/DSC08014-scaled.jpg\u00bb title_text=\u00bbDSC08014&#8243; _builder_version=\u00bb4.6.5&#8243; _module_preset=\u00bbdefault\u00bb][\/et_pb_image][et_pb_image src=\u00bbhttp:\/\/www.intxorta.org\/wp-content\/uploads\/2020\/09\/DSC08018-scaled.jpg\u00bb title_text=\u00bbDSC08018&#8243; _builder_version=\u00bb4.6.5&#8243; _module_preset=\u00bbdefault\u00bb][\/et_pb_image][et_pb_image src=\u00bbhttp:\/\/www.intxorta.org\/wp-content\/uploads\/2020\/09\/IMG_20200926_132458-scaled.jpg\u00bb title_text=\u00bbIMG_20200926_132458&#8243; _builder_version=\u00bb4.6.5&#8243; _module_preset=\u00bbdefault\u00bb][\/et_pb_image][\/et_pb_column][\/et_pb_row][\/et_pb_section]<\/p>\n","protected":false},"excerpt":{"rendered":"<p>Mondragon: en el 84 aniversario de la entrada de las tropas fascistas en esta poblaci\u00f3n, se ha realizado un homenaje a las v\u00edctimas del franquismo y a continuaci\u00f3n se ha presentado el libro Emakumeon Memoria- Memoria de las Mujeres de Intxorta a Artxanda. Han asistido a los dos actos la alcaldesa y concejales de PNV,PSOE [&hellip;]<\/p>\n","protected":false},"author":1,"featured_media":0,"comment_status":"open","ping_status":"open","sticky":false,"template":"","format":"standard","meta":{"_et_pb_use_builder":"on","_et_pb_old_content":"","_et_gb_content_width":"","_monsterinsights_skip_tracking":false,"_monsterinsights_sitenote_active":false,"_monsterinsights_sitenote_note":"","_monsterinsights_sitenote_category":0,"footnotes":""},"categories":[47],"tags":[],"class_list":["post-4797","post","type-post","status-publish","format-standard","hentry","category-blog"],"yoast_head":"<!-- This site is optimized with the Yoast SEO plugin v27.1.1 - https:\/\/yoast.com\/product\/yoast-seo-wordpress\/ -->\n<title>Mondrag\u00f3n: Homenaje a las victimas del franquismo - Tienda Online de Intxorta 1937 Kultur Elkartea<\/title>\n<meta name=\"robots\" content=\"index, follow, max-snippet:-1, max-image-preview:large, max-video-preview:-1\" \/>\n<link rel=\"canonical\" href=\"https:\/\/www.intxorta.org\/tienda\/blog\/mondragon-homenaje-victimas-franquismo\/\" \/>\n<meta property=\"og:locale\" content=\"es_ES\" \/>\n<meta property=\"og:type\" content=\"article\" \/>\n<meta property=\"og:title\" content=\"Mondrag\u00f3n: Homenaje a las victimas del franquismo - Tienda Online de Intxorta 1937 Kultur Elkartea\" \/>\n<meta property=\"og:description\" content=\"Mondragon: en el 84 aniversario de la entrada de las tropas fascistas en esta poblaci\u00f3n, se ha realizado un homenaje a las v\u00edctimas del franquismo y a continuaci\u00f3n se ha presentado el libro Emakumeon Memoria- Memoria de las Mujeres de Intxorta a Artxanda. Han asistido a los dos actos la alcaldesa y concejales de PNV,PSOE [&hellip;]\" \/>\n<meta property=\"og:url\" content=\"https:\/\/www.intxorta.org\/tienda\/blog\/mondragon-homenaje-victimas-franquismo\/\" \/>\n<meta property=\"og:site_name\" content=\"Tienda Online de Intxorta 1937 Kultur Elkartea\" \/>\n<meta property=\"article:published_time\" content=\"2020-09-27T15:19:34+00:00\" \/>\n<meta name=\"author\" content=\"Administrador\" \/>\n<meta name=\"twitter:card\" content=\"summary_large_image\" \/>\n<meta name=\"twitter:label1\" content=\"Escrito por\" \/>\n\t<meta name=\"twitter:data1\" content=\"Administrador\" \/>\n\t<meta name=\"twitter:label2\" content=\"Tiempo de lectura\" \/>\n\t<meta name=\"twitter:data2\" content=\"1 minuto\" \/>\n<script type=\"application\/ld+json\" class=\"yoast-schema-graph\">{\"@context\":\"https:\/\/schema.org\",\"@graph\":[{\"@type\":\"Article\",\"@id\":\"https:\/\/www.intxorta.org\/tienda\/blog\/mondragon-homenaje-victimas-franquismo\/#article\",\"isPartOf\":{\"@id\":\"https:\/\/www.intxorta.org\/tienda\/blog\/mondragon-homenaje-victimas-franquismo\/\"},\"author\":{\"name\":\"Administrador\",\"@id\":\"https:\/\/www.intxorta.org\/tienda\/#\/schema\/person\/02047d5d61c8629640dbafadc19b3340\"},\"headline\":\"Mondrag\u00f3n: Homenaje a las victimas del franquismo\",\"datePublished\":\"2020-09-27T15:19:34+00:00\",\"mainEntityOfPage\":{\"@id\":\"https:\/\/www.intxorta.org\/tienda\/blog\/mondragon-homenaje-victimas-franquismo\/\"},\"wordCount\":269,\"commentCount\":0,\"articleSection\":[\"Blog\"],\"inLanguage\":\"es\",\"potentialAction\":[{\"@type\":\"CommentAction\",\"name\":\"Comment\",\"target\":[\"https:\/\/www.intxorta.org\/tienda\/blog\/mondragon-homenaje-victimas-franquismo\/#respond\"]}]},{\"@type\":\"WebPage\",\"@id\":\"https:\/\/www.intxorta.org\/tienda\/blog\/mondragon-homenaje-victimas-franquismo\/\",\"url\":\"https:\/\/www.intxorta.org\/tienda\/blog\/mondragon-homenaje-victimas-franquismo\/\",\"name\":\"Mondrag\u00f3n: Homenaje a las victimas del franquismo - Tienda Online de Intxorta 1937 Kultur Elkartea\",\"isPartOf\":{\"@id\":\"https:\/\/www.intxorta.org\/tienda\/#website\"},\"datePublished\":\"2020-09-27T15:19:34+00:00\",\"author\":{\"@id\":\"https:\/\/www.intxorta.org\/tienda\/#\/schema\/person\/02047d5d61c8629640dbafadc19b3340\"},\"breadcrumb\":{\"@id\":\"https:\/\/www.intxorta.org\/tienda\/blog\/mondragon-homenaje-victimas-franquismo\/#breadcrumb\"},\"inLanguage\":\"es\",\"potentialAction\":[{\"@type\":\"ReadAction\",\"target\":[\"https:\/\/www.intxorta.org\/tienda\/blog\/mondragon-homenaje-victimas-franquismo\/\"]}]},{\"@type\":\"BreadcrumbList\",\"@id\":\"https:\/\/www.intxorta.org\/tienda\/blog\/mondragon-homenaje-victimas-franquismo\/#breadcrumb\",\"itemListElement\":[{\"@type\":\"ListItem\",\"position\":1,\"name\":\"Portada\",\"item\":\"http:\/\/www.intxorta.org\/tienda\/\"},{\"@type\":\"ListItem\",\"position\":2,\"name\":\"Mondrag\u00f3n: Homenaje a las victimas del franquismo\"}]},{\"@type\":\"WebSite\",\"@id\":\"https:\/\/www.intxorta.org\/tienda\/#website\",\"url\":\"https:\/\/www.intxorta.org\/tienda\/\",\"name\":\"Tienda Online de Intxorta 1937 Kultur Elkartea\",\"description\":\"Por la recuperaci&oacute;n de la memoria hist&oacute;rica\",\"potentialAction\":[{\"@type\":\"SearchAction\",\"target\":{\"@type\":\"EntryPoint\",\"urlTemplate\":\"https:\/\/www.intxorta.org\/tienda\/?s={search_term_string}\"},\"query-input\":{\"@type\":\"PropertyValueSpecification\",\"valueRequired\":true,\"valueName\":\"search_term_string\"}}],\"inLanguage\":\"es\"},{\"@type\":\"Person\",\"@id\":\"https:\/\/www.intxorta.org\/tienda\/#\/schema\/person\/02047d5d61c8629640dbafadc19b3340\",\"name\":\"Administrador\",\"image\":{\"@type\":\"ImageObject\",\"inLanguage\":\"es\",\"@id\":\"https:\/\/www.intxorta.org\/tienda\/#\/schema\/person\/image\/\",\"url\":\"https:\/\/secure.gravatar.com\/avatar\/3ae1b751c3c50785b6e8b17b962528e7218795ee4163565a2f84795be0c0d7f1?s=96&d=mm&r=g\",\"contentUrl\":\"https:\/\/secure.gravatar.com\/avatar\/3ae1b751c3c50785b6e8b17b962528e7218795ee4163565a2f84795be0c0d7f1?s=96&d=mm&r=g\",\"caption\":\"Administrador\"},\"url\":\"https:\/\/www.intxorta.org\/tienda\/author\/admin\/\"}]}<\/script>\n<!-- \/ Yoast SEO plugin. -->","yoast_head_json":{"title":"Mondrag\u00f3n: Homenaje a las victimas del franquismo - Tienda Online de Intxorta 1937 Kultur Elkartea","robots":{"index":"index","follow":"follow","max-snippet":"max-snippet:-1","max-image-preview":"max-image-preview:large","max-video-preview":"max-video-preview:-1"},"canonical":"https:\/\/www.intxorta.org\/tienda\/blog\/mondragon-homenaje-victimas-franquismo\/","og_locale":"es_ES","og_type":"article","og_title":"Mondrag\u00f3n: Homenaje a las victimas del franquismo - Tienda Online de Intxorta 1937 Kultur Elkartea","og_description":"Mondragon: en el 84 aniversario de la entrada de las tropas fascistas en esta poblaci\u00f3n, se ha realizado un homenaje a las v\u00edctimas del franquismo y a continuaci\u00f3n se ha presentado el libro Emakumeon Memoria- Memoria de las Mujeres de Intxorta a Artxanda. Han asistido a los dos actos la alcaldesa y concejales de PNV,PSOE [&hellip;]","og_url":"https:\/\/www.intxorta.org\/tienda\/blog\/mondragon-homenaje-victimas-franquismo\/","og_site_name":"Tienda Online de Intxorta 1937 Kultur Elkartea","article_published_time":"2020-09-27T15:19:34+00:00","author":"Administrador","twitter_card":"summary_large_image","twitter_misc":{"Escrito por":"Administrador","Tiempo de lectura":"1 minuto"},"schema":{"@context":"https:\/\/schema.org","@graph":[{"@type":"Article","@id":"https:\/\/www.intxorta.org\/tienda\/blog\/mondragon-homenaje-victimas-franquismo\/#article","isPartOf":{"@id":"https:\/\/www.intxorta.org\/tienda\/blog\/mondragon-homenaje-victimas-franquismo\/"},"author":{"name":"Administrador","@id":"https:\/\/www.intxorta.org\/tienda\/#\/schema\/person\/02047d5d61c8629640dbafadc19b3340"},"headline":"Mondrag\u00f3n: Homenaje a las victimas del franquismo","datePublished":"2020-09-27T15:19:34+00:00","mainEntityOfPage":{"@id":"https:\/\/www.intxorta.org\/tienda\/blog\/mondragon-homenaje-victimas-franquismo\/"},"wordCount":269,"commentCount":0,"articleSection":["Blog"],"inLanguage":"es","potentialAction":[{"@type":"CommentAction","name":"Comment","target":["https:\/\/www.intxorta.org\/tienda\/blog\/mondragon-homenaje-victimas-franquismo\/#respond"]}]},{"@type":"WebPage","@id":"https:\/\/www.intxorta.org\/tienda\/blog\/mondragon-homenaje-victimas-franquismo\/","url":"https:\/\/www.intxorta.org\/tienda\/blog\/mondragon-homenaje-victimas-franquismo\/","name":"Mondrag\u00f3n: Homenaje a las victimas del franquismo - Tienda Online de Intxorta 1937 Kultur Elkartea","isPartOf":{"@id":"https:\/\/www.intxorta.org\/tienda\/#website"},"datePublished":"2020-09-27T15:19:34+00:00","author":{"@id":"https:\/\/www.intxorta.org\/tienda\/#\/schema\/person\/02047d5d61c8629640dbafadc19b3340"},"breadcrumb":{"@id":"https:\/\/www.intxorta.org\/tienda\/blog\/mondragon-homenaje-victimas-franquismo\/#breadcrumb"},"inLanguage":"es","potentialAction":[{"@type":"ReadAction","target":["https:\/\/www.intxorta.org\/tienda\/blog\/mondragon-homenaje-victimas-franquismo\/"]}]},{"@type":"BreadcrumbList","@id":"https:\/\/www.intxorta.org\/tienda\/blog\/mondragon-homenaje-victimas-franquismo\/#breadcrumb","itemListElement":[{"@type":"ListItem","position":1,"name":"Portada","item":"http:\/\/www.intxorta.org\/tienda\/"},{"@type":"ListItem","position":2,"name":"Mondrag\u00f3n: Homenaje a las victimas del franquismo"}]},{"@type":"WebSite","@id":"https:\/\/www.intxorta.org\/tienda\/#website","url":"https:\/\/www.intxorta.org\/tienda\/","name":"Tienda Online de Intxorta 1937 Kultur Elkartea","description":"Por la recuperaci&oacute;n de la memoria hist&oacute;rica","potentialAction":[{"@type":"SearchAction","target":{"@type":"EntryPoint","urlTemplate":"https:\/\/www.intxorta.org\/tienda\/?s={search_term_string}"},"query-input":{"@type":"PropertyValueSpecification","valueRequired":true,"valueName":"search_term_string"}}],"inLanguage":"es"},{"@type":"Person","@id":"https:\/\/www.intxorta.org\/tienda\/#\/schema\/person\/02047d5d61c8629640dbafadc19b3340","name":"Administrador","image":{"@type":"ImageObject","inLanguage":"es","@id":"https:\/\/www.intxorta.org\/tienda\/#\/schema\/person\/image\/","url":"https:\/\/secure.gravatar.com\/avatar\/3ae1b751c3c50785b6e8b17b962528e7218795ee4163565a2f84795be0c0d7f1?s=96&d=mm&r=g","contentUrl":"https:\/\/secure.gravatar.com\/avatar\/3ae1b751c3c50785b6e8b17b962528e7218795ee4163565a2f84795be0c0d7f1?s=96&d=mm&r=g","caption":"Administrador"},"url":"https:\/\/www.intxorta.org\/tienda\/author\/admin\/"}]}},"_links":{"self":[{"href":"https:\/\/www.intxorta.org\/tienda\/wp-json\/wp\/v2\/posts\/4797","targetHints":{"allow":["GET"]}}],"collection":[{"href":"https:\/\/www.intxorta.org\/tienda\/wp-json\/wp\/v2\/posts"}],"about":[{"href":"https:\/\/www.intxorta.org\/tienda\/wp-json\/wp\/v2\/types\/post"}],"author":[{"embeddable":true,"href":"https:\/\/www.intxorta.org\/tienda\/wp-json\/wp\/v2\/users\/1"}],"replies":[{"embeddable":true,"href":"https:\/\/www.intxorta.org\/tienda\/wp-json\/wp\/v2\/comments?post=4797"}],"version-history":[{"count":0,"href":"https:\/\/www.intxorta.org\/tienda\/wp-json\/wp\/v2\/posts\/4797\/revisions"}],"wp:attachment":[{"href":"https:\/\/www.intxorta.org\/tienda\/wp-json\/wp\/v2\/media?parent=4797"}],"wp:term":[{"taxonomy":"category","embeddable":true,"href":"https:\/\/www.intxorta.org\/tienda\/wp-json\/wp\/v2\/categories?post=4797"},{"taxonomy":"post_tag","embeddable":true,"href":"https:\/\/www.intxorta.org\/tienda\/wp-json\/wp\/v2\/tags?post=4797"}],"curies":[{"name":"wp","href":"https:\/\/api.w.org\/{rel}","templated":true}]}}