{"id":4762,"date":"2020-09-20T08:29:09","date_gmt":"2020-09-20T08:29:09","guid":{"rendered":"http:\/\/www.intxorta.org\/?p=4762"},"modified":"2020-09-20T08:29:09","modified_gmt":"2020-09-20T08:29:09","slug":"video-conferencia-de-grupos-de-memoria-con-carmen-calvo-intervencion-de-intxorta-1937-kultur-elkartea","status":"publish","type":"post","link":"https:\/\/www.intxorta.org\/tienda\/blog\/video-conferencia-de-grupos-de-memoria-con-carmen-calvo-intervencion-de-intxorta-1937-kultur-elkartea\/","title":{"rendered":"Video conferencia de grupos de memoria con Carmen Calvo. Intervenci\u00f3n de Intxorta 1937 Kultur Elkartea."},"content":{"rendered":"<p>[et_pb_section fb_built=\u00bb1&#8243; _builder_version=\u00bb4.6.3&#8243; _module_preset=\u00bbdefault\u00bb][et_pb_row _builder_version=\u00bb4.6.3&#8243; _module_preset=\u00bbdefault\u00bb][et_pb_column type=\u00bb4_4&#8243; _builder_version=\u00bb4.6.3&#8243; _module_preset=\u00bbdefault\u00bb][et_pb_image src=\u00bbhttp:\/\/www.intxorta.org\/wp-content\/uploads\/2020\/09\/WhatsApp-Image-2020-09-20-at-09.18.28.jpeg\u00bb title_text=\u00bbVideo conferencia de grupos de memoria con Carmen Calvo\u00bb _builder_version=\u00bb4.6.3&#8243; _module_preset=\u00bbdefault\u00bb][\/et_pb_image][et_pb_audio audio=\u00bbhttp:\/\/www.intxorta.org\/wp-content\/uploads\/2020\/09\/WhatsApp-Audio-2020-09-20-at-09.18.30.mp4&#8243; title=\u00bbIntervenci\u00f3n de Intxorta 1937 Kultur Elkartea\u00bb artist_name=\u00bbJuan Ramon Garai\u00bb _builder_version=\u00bb4.6.3&#8243; _module_preset=\u00bbdefault\u00bb][\/et_pb_audio][et_pb_text _builder_version=\u00bb4.6.3&#8243; _module_preset=\u00bbdefault\u00bb text_text_color=\u00bb#000000&#8243;]<\/p>\n<p style=\"margin-bottom: 0.28cm; line-height: 108%;\">30 grupos de Memoria de todo el estado tuvimos d\u00edas pasados una video conferencia con Carmen Calvo, Vicepresidenta, con Fernando Mart\u00ednez (Secretario de Estado de la Memoria Democr\u00e1tica), eta Diego Blazquez (Director General de la Secretaria de Estado).<\/p>\n<p style=\"margin-bottom: 0.28cm; line-height: 108%;\">Tras la internvencio de Carmen Calvo en la que admiti\u00f3 que llegaban tarde, nos dieron la palabra al as organizaciones memorialistas.<\/p>\n<p style=\"margin-bottom: 0.28cm; line-height: 108%;\">Por nuestra parte, aunque llega tarde para muchas v\u00edctimas del franquismo, dijimos que tiene el proyecto de ley muchos avances sobre la situaci\u00f3n actual como son entre otras;<\/p>\n<p style=\"margin-bottom: 0.28cm; line-height: 108%;\">Nulidad de las sentencias, (Se declara el car\u00e1cter radicalmente nulo de todas las condenas y sanciones durante la guerra y la dictadura)<\/p>\n<p style=\"margin-bottom: 0.28cm; line-height: 108%;\">B\u00fasqueda de personas desaparecidas;<\/p>\n<p style=\"margin-bottom: 0.28cm; line-height: 108%;\">Retirada de S\u00edmbolos;<\/p>\n<p style=\"margin-bottom: 0.28cm; line-height: 108%;\">Extincion de fundaciones que hacen apolog\u00eda del franquismo;<\/p>\n<p style=\"margin-bottom: 0.28cm; line-height: 108%;\">Supresi\u00f3n de t\u00edtulos nobiliarios<\/p>\n<p style=\"margin-bottom: 0.28cm; line-height: 108%;\">Introducirlo en la ense\u00f1anza\u2026<\/p>\n<p style=\"margin-bottom: 0.28cm; line-height: 108%;\"><a name=\"_GoBack\"><\/a> Escuchar nuestra intervenci\u00f3n:<\/p>\n<p style=\"margin-bottom: 0.28cm; line-height: 108%;\">\u00abSe habla en el anteproyecto de ley mucho de la Constituci\u00f3n, pero no se dice que han pasado ya 42 a\u00f1os de su aprobaci\u00f3n y continua la IMPUNIDAD DEL FRANQUISMO&#8230;se dice que se van a tener en cuenta las recomendaciones del Relator de la ONU pero no dice nada de la contradicci\u00f3n de mantener la Ley de Amnist\u00eda y las recomendaciones internacionales que abogan por derogarla&#8230;Cual va a ser el papel del Fiscal que se va a nombrar, sino se van a pedir responsabilidades ni a la administraci\u00f3n ni particulares&#8230;\u00bb<\/p>\n<p style=\"margin-bottom: 0.28cm; line-height: 108%;\">A la que la Vicepresidencia del gobierno respondi\u00f3: la ley de Amnist\u00eda no se deroga.<\/p>\n<p style=\"margin-bottom: 0.28cm; line-height: 108%;\">Para cuando entonces la JUSTICIA hasta las \u00faltimas consecuencias&#8230;<\/p>\n<p>[\/et_pb_text][\/et_pb_column][\/et_pb_row][\/et_pb_section]<\/p>\n","protected":false},"excerpt":{"rendered":"<p>30 grupos de Memoria de todo el estado tuvimos d\u00edas pasados una video conferencia con Carmen Calvo, Vicepresidenta, con Fernando Mart\u00ednez (Secretario de Estado de la Memoria Democr\u00e1tica), eta Diego Blazquez (Director General de la Secretaria de Estado). Tras la internvencio de Carmen Calvo en la que admiti\u00f3 que llegaban tarde, nos dieron la palabra [&hellip;]<\/p>\n","protected":false},"author":1,"featured_media":0,"comment_status":"open","ping_status":"open","sticky":false,"template":"","format":"standard","meta":{"_et_pb_use_builder":"on","_et_pb_old_content":"","_et_gb_content_width":"","_monsterinsights_skip_tracking":false,"_monsterinsights_sitenote_active":false,"_monsterinsights_sitenote_note":"","_monsterinsights_sitenote_category":0,"footnotes":""},"categories":[47],"tags":[],"class_list":["post-4762","post","type-post","status-publish","format-standard","hentry","category-blog"],"yoast_head":"<!-- This site is optimized with the Yoast SEO plugin v27.1.1 - https:\/\/yoast.com\/product\/yoast-seo-wordpress\/ -->\n<title>Video conferencia de grupos de memoria con Carmen Calvo. Intervenci\u00f3n de Intxorta 1937 Kultur Elkartea. - Tienda Online de Intxorta 1937 Kultur Elkartea<\/title>\n<meta name=\"robots\" content=\"index, follow, max-snippet:-1, max-image-preview:large, max-video-preview:-1\" \/>\n<link rel=\"canonical\" href=\"https:\/\/www.intxorta.org\/tienda\/blog\/video-conferencia-de-grupos-de-memoria-con-carmen-calvo-intervencion-de-intxorta-1937-kultur-elkartea\/\" \/>\n<meta property=\"og:locale\" content=\"es_ES\" \/>\n<meta property=\"og:type\" content=\"article\" \/>\n<meta property=\"og:title\" content=\"Video conferencia de grupos de memoria con Carmen Calvo. Intervenci\u00f3n de Intxorta 1937 Kultur Elkartea. - Tienda Online de Intxorta 1937 Kultur Elkartea\" \/>\n<meta property=\"og:description\" content=\"30 grupos de Memoria de todo el estado tuvimos d\u00edas pasados una video conferencia con Carmen Calvo, Vicepresidenta, con Fernando Mart\u00ednez (Secretario de Estado de la Memoria Democr\u00e1tica), eta Diego Blazquez (Director General de la Secretaria de Estado). Tras la internvencio de Carmen Calvo en la que admiti\u00f3 que llegaban tarde, nos dieron la palabra [&hellip;]\" \/>\n<meta property=\"og:url\" content=\"https:\/\/www.intxorta.org\/tienda\/blog\/video-conferencia-de-grupos-de-memoria-con-carmen-calvo-intervencion-de-intxorta-1937-kultur-elkartea\/\" \/>\n<meta property=\"og:site_name\" content=\"Tienda Online de Intxorta 1937 Kultur Elkartea\" \/>\n<meta property=\"article:published_time\" content=\"2020-09-20T08:29:09+00:00\" \/>\n<meta name=\"author\" content=\"Administrador\" \/>\n<meta name=\"twitter:card\" content=\"summary_large_image\" \/>\n<meta name=\"twitter:label1\" content=\"Escrito por\" \/>\n\t<meta name=\"twitter:data1\" content=\"Administrador\" \/>\n\t<meta name=\"twitter:label2\" content=\"Tiempo de lectura\" \/>\n\t<meta name=\"twitter:data2\" content=\"2 minutos\" \/>\n<script type=\"application\/ld+json\" class=\"yoast-schema-graph\">{\"@context\":\"https:\/\/schema.org\",\"@graph\":[{\"@type\":\"Article\",\"@id\":\"https:\/\/www.intxorta.org\/tienda\/blog\/video-conferencia-de-grupos-de-memoria-con-carmen-calvo-intervencion-de-intxorta-1937-kultur-elkartea\/#article\",\"isPartOf\":{\"@id\":\"https:\/\/www.intxorta.org\/tienda\/blog\/video-conferencia-de-grupos-de-memoria-con-carmen-calvo-intervencion-de-intxorta-1937-kultur-elkartea\/\"},\"author\":{\"name\":\"Administrador\",\"@id\":\"https:\/\/www.intxorta.org\/tienda\/#\/schema\/person\/02047d5d61c8629640dbafadc19b3340\"},\"headline\":\"Video conferencia de grupos de memoria con Carmen Calvo. Intervenci\u00f3n de Intxorta 1937 Kultur Elkartea.\",\"datePublished\":\"2020-09-20T08:29:09+00:00\",\"mainEntityOfPage\":{\"@id\":\"https:\/\/www.intxorta.org\/tienda\/blog\/video-conferencia-de-grupos-de-memoria-con-carmen-calvo-intervencion-de-intxorta-1937-kultur-elkartea\/\"},\"wordCount\":403,\"commentCount\":0,\"articleSection\":[\"Blog\"],\"inLanguage\":\"es\",\"potentialAction\":[{\"@type\":\"CommentAction\",\"name\":\"Comment\",\"target\":[\"https:\/\/www.intxorta.org\/tienda\/blog\/video-conferencia-de-grupos-de-memoria-con-carmen-calvo-intervencion-de-intxorta-1937-kultur-elkartea\/#respond\"]}]},{\"@type\":\"WebPage\",\"@id\":\"https:\/\/www.intxorta.org\/tienda\/blog\/video-conferencia-de-grupos-de-memoria-con-carmen-calvo-intervencion-de-intxorta-1937-kultur-elkartea\/\",\"url\":\"https:\/\/www.intxorta.org\/tienda\/blog\/video-conferencia-de-grupos-de-memoria-con-carmen-calvo-intervencion-de-intxorta-1937-kultur-elkartea\/\",\"name\":\"Video conferencia de grupos de memoria con Carmen Calvo. Intervenci\u00f3n de Intxorta 1937 Kultur Elkartea. - Tienda Online de Intxorta 1937 Kultur Elkartea\",\"isPartOf\":{\"@id\":\"https:\/\/www.intxorta.org\/tienda\/#website\"},\"datePublished\":\"2020-09-20T08:29:09+00:00\",\"author\":{\"@id\":\"https:\/\/www.intxorta.org\/tienda\/#\/schema\/person\/02047d5d61c8629640dbafadc19b3340\"},\"breadcrumb\":{\"@id\":\"https:\/\/www.intxorta.org\/tienda\/blog\/video-conferencia-de-grupos-de-memoria-con-carmen-calvo-intervencion-de-intxorta-1937-kultur-elkartea\/#breadcrumb\"},\"inLanguage\":\"es\",\"potentialAction\":[{\"@type\":\"ReadAction\",\"target\":[\"https:\/\/www.intxorta.org\/tienda\/blog\/video-conferencia-de-grupos-de-memoria-con-carmen-calvo-intervencion-de-intxorta-1937-kultur-elkartea\/\"]}]},{\"@type\":\"BreadcrumbList\",\"@id\":\"https:\/\/www.intxorta.org\/tienda\/blog\/video-conferencia-de-grupos-de-memoria-con-carmen-calvo-intervencion-de-intxorta-1937-kultur-elkartea\/#breadcrumb\",\"itemListElement\":[{\"@type\":\"ListItem\",\"position\":1,\"name\":\"Portada\",\"item\":\"http:\/\/www.intxorta.org\/tienda\/\"},{\"@type\":\"ListItem\",\"position\":2,\"name\":\"Video conferencia de grupos de memoria con Carmen Calvo. Intervenci\u00f3n de Intxorta 1937 Kultur Elkartea.\"}]},{\"@type\":\"WebSite\",\"@id\":\"https:\/\/www.intxorta.org\/tienda\/#website\",\"url\":\"https:\/\/www.intxorta.org\/tienda\/\",\"name\":\"Tienda Online de Intxorta 1937 Kultur Elkartea\",\"description\":\"Por la recuperaci&oacute;n de la memoria hist&oacute;rica\",\"potentialAction\":[{\"@type\":\"SearchAction\",\"target\":{\"@type\":\"EntryPoint\",\"urlTemplate\":\"https:\/\/www.intxorta.org\/tienda\/?s={search_term_string}\"},\"query-input\":{\"@type\":\"PropertyValueSpecification\",\"valueRequired\":true,\"valueName\":\"search_term_string\"}}],\"inLanguage\":\"es\"},{\"@type\":\"Person\",\"@id\":\"https:\/\/www.intxorta.org\/tienda\/#\/schema\/person\/02047d5d61c8629640dbafadc19b3340\",\"name\":\"Administrador\",\"image\":{\"@type\":\"ImageObject\",\"inLanguage\":\"es\",\"@id\":\"https:\/\/www.intxorta.org\/tienda\/#\/schema\/person\/image\/\",\"url\":\"https:\/\/secure.gravatar.com\/avatar\/3ae1b751c3c50785b6e8b17b962528e7218795ee4163565a2f84795be0c0d7f1?s=96&d=mm&r=g\",\"contentUrl\":\"https:\/\/secure.gravatar.com\/avatar\/3ae1b751c3c50785b6e8b17b962528e7218795ee4163565a2f84795be0c0d7f1?s=96&d=mm&r=g\",\"caption\":\"Administrador\"},\"url\":\"https:\/\/www.intxorta.org\/tienda\/author\/admin\/\"}]}<\/script>\n<!-- \/ Yoast SEO plugin. -->","yoast_head_json":{"title":"Video conferencia de grupos de memoria con Carmen Calvo. Intervenci\u00f3n de Intxorta 1937 Kultur Elkartea. - Tienda Online de Intxorta 1937 Kultur Elkartea","robots":{"index":"index","follow":"follow","max-snippet":"max-snippet:-1","max-image-preview":"max-image-preview:large","max-video-preview":"max-video-preview:-1"},"canonical":"https:\/\/www.intxorta.org\/tienda\/blog\/video-conferencia-de-grupos-de-memoria-con-carmen-calvo-intervencion-de-intxorta-1937-kultur-elkartea\/","og_locale":"es_ES","og_type":"article","og_title":"Video conferencia de grupos de memoria con Carmen Calvo. Intervenci\u00f3n de Intxorta 1937 Kultur Elkartea. - Tienda Online de Intxorta 1937 Kultur Elkartea","og_description":"30 grupos de Memoria de todo el estado tuvimos d\u00edas pasados una video conferencia con Carmen Calvo, Vicepresidenta, con Fernando Mart\u00ednez (Secretario de Estado de la Memoria Democr\u00e1tica), eta Diego Blazquez (Director General de la Secretaria de Estado). Tras la internvencio de Carmen Calvo en la que admiti\u00f3 que llegaban tarde, nos dieron la palabra [&hellip;]","og_url":"https:\/\/www.intxorta.org\/tienda\/blog\/video-conferencia-de-grupos-de-memoria-con-carmen-calvo-intervencion-de-intxorta-1937-kultur-elkartea\/","og_site_name":"Tienda Online de Intxorta 1937 Kultur Elkartea","article_published_time":"2020-09-20T08:29:09+00:00","author":"Administrador","twitter_card":"summary_large_image","twitter_misc":{"Escrito por":"Administrador","Tiempo de lectura":"2 minutos"},"schema":{"@context":"https:\/\/schema.org","@graph":[{"@type":"Article","@id":"https:\/\/www.intxorta.org\/tienda\/blog\/video-conferencia-de-grupos-de-memoria-con-carmen-calvo-intervencion-de-intxorta-1937-kultur-elkartea\/#article","isPartOf":{"@id":"https:\/\/www.intxorta.org\/tienda\/blog\/video-conferencia-de-grupos-de-memoria-con-carmen-calvo-intervencion-de-intxorta-1937-kultur-elkartea\/"},"author":{"name":"Administrador","@id":"https:\/\/www.intxorta.org\/tienda\/#\/schema\/person\/02047d5d61c8629640dbafadc19b3340"},"headline":"Video conferencia de grupos de memoria con Carmen Calvo. Intervenci\u00f3n de Intxorta 1937 Kultur Elkartea.","datePublished":"2020-09-20T08:29:09+00:00","mainEntityOfPage":{"@id":"https:\/\/www.intxorta.org\/tienda\/blog\/video-conferencia-de-grupos-de-memoria-con-carmen-calvo-intervencion-de-intxorta-1937-kultur-elkartea\/"},"wordCount":403,"commentCount":0,"articleSection":["Blog"],"inLanguage":"es","potentialAction":[{"@type":"CommentAction","name":"Comment","target":["https:\/\/www.intxorta.org\/tienda\/blog\/video-conferencia-de-grupos-de-memoria-con-carmen-calvo-intervencion-de-intxorta-1937-kultur-elkartea\/#respond"]}]},{"@type":"WebPage","@id":"https:\/\/www.intxorta.org\/tienda\/blog\/video-conferencia-de-grupos-de-memoria-con-carmen-calvo-intervencion-de-intxorta-1937-kultur-elkartea\/","url":"https:\/\/www.intxorta.org\/tienda\/blog\/video-conferencia-de-grupos-de-memoria-con-carmen-calvo-intervencion-de-intxorta-1937-kultur-elkartea\/","name":"Video conferencia de grupos de memoria con Carmen Calvo. Intervenci\u00f3n de Intxorta 1937 Kultur Elkartea. - Tienda Online de Intxorta 1937 Kultur Elkartea","isPartOf":{"@id":"https:\/\/www.intxorta.org\/tienda\/#website"},"datePublished":"2020-09-20T08:29:09+00:00","author":{"@id":"https:\/\/www.intxorta.org\/tienda\/#\/schema\/person\/02047d5d61c8629640dbafadc19b3340"},"breadcrumb":{"@id":"https:\/\/www.intxorta.org\/tienda\/blog\/video-conferencia-de-grupos-de-memoria-con-carmen-calvo-intervencion-de-intxorta-1937-kultur-elkartea\/#breadcrumb"},"inLanguage":"es","potentialAction":[{"@type":"ReadAction","target":["https:\/\/www.intxorta.org\/tienda\/blog\/video-conferencia-de-grupos-de-memoria-con-carmen-calvo-intervencion-de-intxorta-1937-kultur-elkartea\/"]}]},{"@type":"BreadcrumbList","@id":"https:\/\/www.intxorta.org\/tienda\/blog\/video-conferencia-de-grupos-de-memoria-con-carmen-calvo-intervencion-de-intxorta-1937-kultur-elkartea\/#breadcrumb","itemListElement":[{"@type":"ListItem","position":1,"name":"Portada","item":"http:\/\/www.intxorta.org\/tienda\/"},{"@type":"ListItem","position":2,"name":"Video conferencia de grupos de memoria con Carmen Calvo. Intervenci\u00f3n de Intxorta 1937 Kultur Elkartea."}]},{"@type":"WebSite","@id":"https:\/\/www.intxorta.org\/tienda\/#website","url":"https:\/\/www.intxorta.org\/tienda\/","name":"Tienda Online de Intxorta 1937 Kultur Elkartea","description":"Por la recuperaci&oacute;n de la memoria hist&oacute;rica","potentialAction":[{"@type":"SearchAction","target":{"@type":"EntryPoint","urlTemplate":"https:\/\/www.intxorta.org\/tienda\/?s={search_term_string}"},"query-input":{"@type":"PropertyValueSpecification","valueRequired":true,"valueName":"search_term_string"}}],"inLanguage":"es"},{"@type":"Person","@id":"https:\/\/www.intxorta.org\/tienda\/#\/schema\/person\/02047d5d61c8629640dbafadc19b3340","name":"Administrador","image":{"@type":"ImageObject","inLanguage":"es","@id":"https:\/\/www.intxorta.org\/tienda\/#\/schema\/person\/image\/","url":"https:\/\/secure.gravatar.com\/avatar\/3ae1b751c3c50785b6e8b17b962528e7218795ee4163565a2f84795be0c0d7f1?s=96&d=mm&r=g","contentUrl":"https:\/\/secure.gravatar.com\/avatar\/3ae1b751c3c50785b6e8b17b962528e7218795ee4163565a2f84795be0c0d7f1?s=96&d=mm&r=g","caption":"Administrador"},"url":"https:\/\/www.intxorta.org\/tienda\/author\/admin\/"}]}},"_links":{"self":[{"href":"https:\/\/www.intxorta.org\/tienda\/wp-json\/wp\/v2\/posts\/4762","targetHints":{"allow":["GET"]}}],"collection":[{"href":"https:\/\/www.intxorta.org\/tienda\/wp-json\/wp\/v2\/posts"}],"about":[{"href":"https:\/\/www.intxorta.org\/tienda\/wp-json\/wp\/v2\/types\/post"}],"author":[{"embeddable":true,"href":"https:\/\/www.intxorta.org\/tienda\/wp-json\/wp\/v2\/users\/1"}],"replies":[{"embeddable":true,"href":"https:\/\/www.intxorta.org\/tienda\/wp-json\/wp\/v2\/comments?post=4762"}],"version-history":[{"count":0,"href":"https:\/\/www.intxorta.org\/tienda\/wp-json\/wp\/v2\/posts\/4762\/revisions"}],"wp:attachment":[{"href":"https:\/\/www.intxorta.org\/tienda\/wp-json\/wp\/v2\/media?parent=4762"}],"wp:term":[{"taxonomy":"category","embeddable":true,"href":"https:\/\/www.intxorta.org\/tienda\/wp-json\/wp\/v2\/categories?post=4762"},{"taxonomy":"post_tag","embeddable":true,"href":"https:\/\/www.intxorta.org\/tienda\/wp-json\/wp\/v2\/tags?post=4762"}],"curies":[{"name":"wp","href":"https:\/\/api.w.org\/{rel}","templated":true}]}}