{"id":4673,"date":"2020-04-25T06:03:39","date_gmt":"2020-04-25T06:03:39","guid":{"rendered":"http:\/\/www.intxorta.org\/blog\/antzuolan-errepublika-ezarri-zenekoa-2\/"},"modified":"2020-04-25T06:03:39","modified_gmt":"2020-04-25T06:03:39","slug":"emeterio-ortiz-juana-saez-republicanismo-antzuola","status":"publish","type":"post","link":"https:\/\/www.intxorta.org\/tienda\/blog\/emeterio-ortiz-juana-saez-republicanismo-antzuola\/","title":{"rendered":"Emeterio Ortiz de Lejarazu Zalbidea y Juana S\u00e1ez Mart\u00ednez, impulsores del republicanismo en Antzuola"},"content":{"rendered":"<p>[et_pb_section fb_built=\u00bb1&#8243; _builder_version=\u00bb4.4.4&#8243;][et_pb_row _builder_version=\u00bb4.4.4&#8243;][et_pb_column type=\u00bb4_4&#8243; _builder_version=\u00bb4.4.4&#8243;][et_pb_image src=\u00bbhttp:\/\/www.intxorta.org\/wp-content\/uploads\/2020\/04\/lannemezanen-ezkerretik-lehena-emeterio.jpg\u00bb title_text=\u00bblannemezanen ezkerretik lehena emeterio\u00bb _builder_version=\u00bb4.4.4&#8243;][\/et_pb_image][et_pb_image src=\u00bbhttp:\/\/www.intxorta.org\/wp-content\/uploads\/2020\/04\/laurak-mexikon-aita-ama-eta-alaba-biak.png\u00bb title_text=\u00bblaurak mexikon aita ama eta alaba biak\u00bb _builder_version=\u00bb4.4.4&#8243;][\/et_pb_image][et_pb_text _builder_version=\u00bb4.4.4&#8243; text_text_color=\u00bb#000000&#8243; hover_enabled=\u00bb0&#8243;]<\/p>\n<p>Emeterio naci\u00f3 en 1889 en Baracaldo y Juana, un a\u00f1o despu\u00e9s, en Bilbao. \u201cA ambos les gustaba la vida aventurera por eso viajaron a Argentina, se casaron all\u00ed\u201d. Contraen matrimonio civil el 30 de junio de 1917 en la ciudad de Santa Fe.Emeterio naci\u00f3 en 1889 en Baracaldo y Juana, un a\u00f1o despu\u00e9s, en Bilbao. \u201cA ambos les gustaba la vida aventurera por eso viajaron a Argentina, se casaron all\u00ed\u201d. Contraen matrimonio civil el 30 de junio de 1917 en la ciudad de Santa Fe.<\/p>\n<p>Vuelven al Pa\u00eds Vasco. \u201cEmeterio era muy activo, sab\u00eda franc\u00e9s y escrib\u00eda en El Liberal, y como no quer\u00eda estar controlado se fueron a trabajar y vivir a Antzuola\u201d. A finales de los a\u00f1os veinte, Emeterio empieza a trabajar de contable en la empresa Olaran y Juana de costurera en su propia casa. Como el matrimonio civil de Argentina no les reconoc\u00eda aqu\u00ed vuelven a contraer matrimonio el 13 de junio de 1929, esta vez en la Iglesia de Arantzazu-O\u00f1ati\u201d.<\/p>\n<p>Rosa, la hija, nace el 25 de marzo de 1930 en Antzuola.<\/p>\n<p>Tras el triunfo de las izquierdas, en las elecciones municipales del 12 de abril de 1931, la Monarqu\u00eda borb\u00f3nica es desterrada al basurero de la historia y se instaura la Segunda Rep\u00fablica.  Emeterio que era ya republicano antes de venir a Antzuola, act\u00faa como delegado del Gobierno provisional republicano en la proclamaci\u00f3n de la Rep\u00fablica Espa\u00f1ola en esta villa. Es el 15 de abril de 1931:<\/p>\n<p>\u201cEn la villa de Anzuola a quince de abril de mil novecientos treinta y uno, reunido el pueblo en la plaza del ayuntamiento, el delegado del gobierno provisional de la Rep\u00fablica Espa\u00f1ola, Don Emeterio Ortiz de Lejarazu y Zalbidea, desde el balc\u00f3n principal del ayuntamiento declar\u00f3 instaurado en este t\u00e9rmino municipal el nuevo r\u00e9gimen republicano, cuya declaraci\u00f3n fue acogida con espont\u00e1neas aclamaciones y vivas a la Rep\u00fablica Espa\u00f1ola y Vasca. Acto seguido el mencionado delegado Don Emeterio Ortiz de Lejarazu y Zalbidea, entre continuadas aclamaciones, procedi\u00f3 a izar la bandera patria tricolor en el m\u00e1stil del ayuntamiento, quedando de esta forma reconocido el nuevo r\u00e9gimen republicano por este vecindario.<\/p>\n<p>Y para que conste firmamos la presente acta en esta referida villa de Anzuola, fecha ut supra.<\/p>\n<p>El delegado: Emeterio Ortiz de Lejarazu. El secretario: Cruz Viteri\u201d.<\/p>\n<p>El domicilio familiar en Lapatza &#8211; Etxebarri se convierte a su vez en Casino Republicano.<\/p>\n<p>Juana acude a Bilbao para dar a luz a su segunda hija, Azucena, que nace el 8 de abril de 1933. \u201cA la abuela no le parec\u00eda seguro el parto en zona rural y por ello fue a Bilbao a dar a luz a nuestra madre\u201d.<\/p>\n<p>Con el inicio de la resistencia al golpe militar, se crea en los primeros d\u00edas el Comit\u00e9 de Defensa de la Rep\u00fablica en la que Emeterio ejerce de Presidente como representante de Izquierda Republicana, junto a \u00e9l est\u00e1n: Ciriaco Uriarte J\u00e1uregui de la Uni\u00f3n General de Trabajadores, Donato Lamariano, Alcalde del Partido Nacionalista Vasco, Avelino San Sebasti\u00e1n de Solidaridad de Trabajadores Vascos, y los nacionalistas vascos Ventura J\u00e1uregui Azcarate, Felipe Elorza Mendizabal, Melchor Gabilondo Legorburu y Antonio J\u00e1uregui Beistegui.<\/p>\n<p>Una de las primeras medidas que toman es la detenci\u00f3n de los carlistas de la localidad, comprometidos con el golpe, que no huyen de la villa, los d\u00edas 25 y 26 de julio de 1936. Los presos son trasladados unos a San Sebasti\u00e1n y otros a Eibar, desde aqu\u00ed, los llevar\u00e1n a Bilbao.<\/p>\n<p>\u201cAntes de entrar los sublevados en Antzuola, Emeterio, Juana, Rosa y Azucena huyen a Bilbao, a casa de unos parientes de nuestra abuela en la Ciudad Jard\u00edn. All\u00ed vivieron los bombardeos sobre Bilbao, se met\u00edan en los t\u00faneles del funicular de Artxanda\u201d.<\/p>\n<p>Durante la resistencia al golpe militar, Emeterio desempe\u00f1a su labor como responsable de finanzas del Frente Popular de Antzuola, con sede en  los locales de Solidaridad de Trabajadores Vascos en Durango y  como vocal del Consejo Provincial de Guip\u00fazcoa de Izquierda Republicana, entre otros, junto a Victoriano Telleriarte de Bergara, su sede estaba en Campo Volantin, n\u00ba 8, primero de Bilbao.<\/p>\n<p>Emeterio, como Presidente del Frente Popular de Antzuola, participa en calidad de testigo en febrero y marzo de 1937, en el juicio del Tribunal Popular en Bilbao contra los detenidos de Antzuola; en dichas declaraciones, de la misma manera que declara la militancia en el requet\u00e9 de algunos, de otras personas detenidas dice que no cree que participar\u00edan en nada.<\/p>\n<p>Emeterio huye a Francia, tras la ca\u00edda de Bilbao, llega a Burdeos el 12 de agosto de 1937  y de all\u00ed a Barcelona el 27 del mismo mes. Participa en la retirada de Catalu\u00f1a a Francia el mes de febrero de 1939. En fecha  21 de febrero de 1940 estaba en Lannemezan. En la que continuaba el 5 de mayo de ese mismo a\u00f1o. En esa misma localidad de los Altos Pirineos en el sur de Francia, en esa fecha, Josuren Gabilondo San Martin, Ram\u00f3n Farraz Esquibel (Secretario de Izquierda Republicana de Bergara)  y otros dos bergareses m\u00e1s estaban construyendo la c\u00e1rcel local. Es posible pues, que Emeterio tambi\u00e9n estuviera trabajando en lo mismo. Se traslada a Marsella donde entra a trabajar en el Consulado Mexicano de esa ciudad, el mes de mayo de 1942 sale en el barco Nyassa llegando al puerto de Veracruz, en M\u00e9xico\u201d.<\/p>\n<p>Mientras tanto Juana, Rosa y Azucena continuaban en Bilbao, \u201cdespu\u00e9s de que unos curas les desvalijaron la casa en la que estaban, se fueron a vivir a lo viejo, a San Ant\u00f3n. La abuela, cosiendo s\u00e1banas para el Hotel Arana, es como pudieron vivir esos a\u00f1os, hasta que el a\u00f1o 1942, el abuelo les pidi\u00f3 que fueran a M\u00e9xico. En el barco Magallanes  fueron la abuela con las dos hijas, terrible las historias de los pasajeros del barco, se acordaban de una ni\u00f1a gallega que iba sola hasta la Habana donde le esperaba su padre. Llegaron a Veracruz, donde les esperaba el abuelo, este trabajaba como contable en la empresa Empacadora de  Productos Tropicales, que empaquetaba pi\u00f1as en Oaxaca mientras ellas viv\u00edan en C\u00f3rdoba, en el estado de Veracruz. El refugiado estaba muy bien considerado en M\u00e9xico, porque fueron personas bien formadas\u201d<\/p>\n<p>\u201cEstuvieron de maravilla all\u00ed, viv\u00edan muy c\u00f3modamente en una Colonia Vasca en la que se ayudaban unos a otros, ten\u00edan electrodom\u00e9sticos, como frigor\u00edfico y lavadora. La ama y la t\u00eda aprendieron un nivel aceptable de ingl\u00e9s, a escribir a m\u00e1quina, les prepararon para trabajar. El abuelo enferm\u00f3 y muri\u00f3 el 16 de noviembre de 1953 en Ciudad de M\u00e9xico Distrito Federal\u201d.<\/p>\n<p>\u201cLa abuela nunca pens\u00f3 quedarse en M\u00e9xico, incluso nuestra madre tuvo un pretendiente de muy buena familia, y Juana le dec\u00eda que nada de novios en M\u00e9xico\u201d.<\/p>\n<p>Retornaron a Bilbao desde Veracruz,  en la motonave Covadonga, junto a otras 470 personas, el mes de junio de 1954. \u201cCuando vinieron las llamaban las mexicanas, a ama le llevaban los demonios\u2026 aqu\u00ed no ten\u00edan ni frigor\u00edfico, ni lavadora\u2026 fueron comienzos duros hasta que la ama y la t\u00eda empezaron a trabajar en unos laboratorios farmac\u00e9uticos de Bilbao, comprando esta casa del barrio de Bego\u00f1a\u201d.<\/p>\n<p>\u201cA Azucena le conoc\u00eda porque viv\u00edamos en el mismo barrio, luego bail\u00e1bamos en las fiestas, hasta que un d\u00eda le invit\u00e9 al cine y nos hicimos novios. Yo hab\u00eda ahorrado dinero para comprar una casa y le dije de comprar la casa y casarnos, y me dijo que casarnos si, pero en su casa, con su hermana, y as\u00ed es como desde entonces vivo en esta casa, mi mujer muri\u00f3 con 79 a\u00f1os, de repente, cuando \u00edbamos a ir de vacaciones, y cinco a\u00f1os despu\u00e9s mi cu\u00f1ada Rosa. Como hicieron muchas amistades en M\u00e9xico, fuimos tres veces Azucena y yo all\u00ed, y aqu\u00ed siempre nuestra casa estaba llena de mexicanos, seguimos teniendo amistades, \u00a1es que vivieron 12 a\u00f1os all\u00ed! Azucena hab\u00eda ido con nueve a\u00f1os y vino con veinte cumplidos\u201d.<\/p>\n<p>\u201cNuestra madre era muy alegre, siempre estaba cantando, sobre todo estas son las ma\u00f1anitas, nos cantaba en nuestros cumplea\u00f1os\u201d<\/p>\n<p><i>Juan Ramon Garai<br \/>\nIntxorta 1937 kultur elkartea<\/i><\/p>\n<p>[\/et_pb_text][\/et_pb_column][\/et_pb_row][\/et_pb_section]<\/p>\n","protected":false},"excerpt":{"rendered":"<p>Emeterio naci\u00f3 en 1889 en Baracaldo y Juana, un a\u00f1o despu\u00e9s, en Bilbao. \u201cA ambos les gustaba la vida aventurera por eso viajaron a Argentina, se casaron all\u00ed\u201d. Contraen matrimonio civil el 30 de junio de 1917 en la ciudad de Santa Fe.Emeterio naci\u00f3 en 1889 en Baracaldo y Juana, un a\u00f1o despu\u00e9s, en Bilbao. [&hellip;]<\/p>\n","protected":false},"author":1,"featured_media":0,"comment_status":"open","ping_status":"open","sticky":false,"template":"","format":"standard","meta":{"_et_pb_use_builder":"on","_et_pb_old_content":"","_et_gb_content_width":"","_monsterinsights_skip_tracking":false,"_monsterinsights_sitenote_active":false,"_monsterinsights_sitenote_note":"","_monsterinsights_sitenote_category":0,"footnotes":""},"categories":[47],"tags":[],"class_list":["post-4673","post","type-post","status-publish","format-standard","hentry","category-blog"],"yoast_head":"<!-- This site is optimized with the Yoast SEO plugin v27.1.1 - https:\/\/yoast.com\/product\/yoast-seo-wordpress\/ -->\n<title>Emeterio Ortiz de Lejarazu Zalbidea y Juana S\u00e1ez Mart\u00ednez, impulsores del republicanismo en Antzuola - Tienda Online de Intxorta 1937 Kultur Elkartea<\/title>\n<meta name=\"robots\" content=\"index, follow, max-snippet:-1, max-image-preview:large, max-video-preview:-1\" \/>\n<link rel=\"canonical\" href=\"https:\/\/www.intxorta.org\/tienda\/blog\/emeterio-ortiz-juana-saez-republicanismo-antzuola\/\" \/>\n<meta property=\"og:locale\" content=\"es_ES\" \/>\n<meta property=\"og:type\" content=\"article\" \/>\n<meta property=\"og:title\" content=\"Emeterio Ortiz de Lejarazu Zalbidea y Juana S\u00e1ez Mart\u00ednez, impulsores del republicanismo en Antzuola - Tienda Online de Intxorta 1937 Kultur Elkartea\" \/>\n<meta property=\"og:description\" content=\"Emeterio naci\u00f3 en 1889 en Baracaldo y Juana, un a\u00f1o despu\u00e9s, en Bilbao. \u201cA ambos les gustaba la vida aventurera por eso viajaron a Argentina, se casaron all\u00ed\u201d. Contraen matrimonio civil el 30 de junio de 1917 en la ciudad de Santa Fe.Emeterio naci\u00f3 en 1889 en Baracaldo y Juana, un a\u00f1o despu\u00e9s, en Bilbao. [&hellip;]\" \/>\n<meta property=\"og:url\" content=\"https:\/\/www.intxorta.org\/tienda\/blog\/emeterio-ortiz-juana-saez-republicanismo-antzuola\/\" \/>\n<meta property=\"og:site_name\" content=\"Tienda Online de Intxorta 1937 Kultur Elkartea\" \/>\n<meta property=\"article:published_time\" content=\"2020-04-25T06:03:39+00:00\" \/>\n<meta name=\"author\" content=\"Administrador\" \/>\n<meta name=\"twitter:card\" content=\"summary_large_image\" \/>\n<meta name=\"twitter:label1\" content=\"Escrito por\" \/>\n\t<meta name=\"twitter:data1\" content=\"Administrador\" \/>\n\t<meta name=\"twitter:label2\" content=\"Tiempo de lectura\" \/>\n\t<meta name=\"twitter:data2\" content=\"7 minutos\" \/>\n<script type=\"application\/ld+json\" class=\"yoast-schema-graph\">{\"@context\":\"https:\/\/schema.org\",\"@graph\":[{\"@type\":\"Article\",\"@id\":\"https:\/\/www.intxorta.org\/tienda\/blog\/emeterio-ortiz-juana-saez-republicanismo-antzuola\/#article\",\"isPartOf\":{\"@id\":\"https:\/\/www.intxorta.org\/tienda\/blog\/emeterio-ortiz-juana-saez-republicanismo-antzuola\/\"},\"author\":{\"name\":\"Administrador\",\"@id\":\"https:\/\/www.intxorta.org\/tienda\/#\/schema\/person\/02047d5d61c8629640dbafadc19b3340\"},\"headline\":\"Emeterio Ortiz de Lejarazu Zalbidea y Juana S\u00e1ez Mart\u00ednez, impulsores del republicanismo en Antzuola\",\"datePublished\":\"2020-04-25T06:03:39+00:00\",\"mainEntityOfPage\":{\"@id\":\"https:\/\/www.intxorta.org\/tienda\/blog\/emeterio-ortiz-juana-saez-republicanismo-antzuola\/\"},\"wordCount\":1502,\"commentCount\":0,\"articleSection\":[\"Blog\"],\"inLanguage\":\"es\",\"potentialAction\":[{\"@type\":\"CommentAction\",\"name\":\"Comment\",\"target\":[\"https:\/\/www.intxorta.org\/tienda\/blog\/emeterio-ortiz-juana-saez-republicanismo-antzuola\/#respond\"]}]},{\"@type\":\"WebPage\",\"@id\":\"https:\/\/www.intxorta.org\/tienda\/blog\/emeterio-ortiz-juana-saez-republicanismo-antzuola\/\",\"url\":\"https:\/\/www.intxorta.org\/tienda\/blog\/emeterio-ortiz-juana-saez-republicanismo-antzuola\/\",\"name\":\"Emeterio Ortiz de Lejarazu Zalbidea y Juana S\u00e1ez Mart\u00ednez, impulsores del republicanismo en Antzuola - Tienda Online de Intxorta 1937 Kultur Elkartea\",\"isPartOf\":{\"@id\":\"https:\/\/www.intxorta.org\/tienda\/#website\"},\"datePublished\":\"2020-04-25T06:03:39+00:00\",\"author\":{\"@id\":\"https:\/\/www.intxorta.org\/tienda\/#\/schema\/person\/02047d5d61c8629640dbafadc19b3340\"},\"breadcrumb\":{\"@id\":\"https:\/\/www.intxorta.org\/tienda\/blog\/emeterio-ortiz-juana-saez-republicanismo-antzuola\/#breadcrumb\"},\"inLanguage\":\"es\",\"potentialAction\":[{\"@type\":\"ReadAction\",\"target\":[\"https:\/\/www.intxorta.org\/tienda\/blog\/emeterio-ortiz-juana-saez-republicanismo-antzuola\/\"]}]},{\"@type\":\"BreadcrumbList\",\"@id\":\"https:\/\/www.intxorta.org\/tienda\/blog\/emeterio-ortiz-juana-saez-republicanismo-antzuola\/#breadcrumb\",\"itemListElement\":[{\"@type\":\"ListItem\",\"position\":1,\"name\":\"Portada\",\"item\":\"http:\/\/www.intxorta.org\/tienda\/\"},{\"@type\":\"ListItem\",\"position\":2,\"name\":\"Emeterio Ortiz de Lejarazu Zalbidea y Juana S\u00e1ez Mart\u00ednez, impulsores del republicanismo en Antzuola\"}]},{\"@type\":\"WebSite\",\"@id\":\"https:\/\/www.intxorta.org\/tienda\/#website\",\"url\":\"https:\/\/www.intxorta.org\/tienda\/\",\"name\":\"Tienda Online de Intxorta 1937 Kultur Elkartea\",\"description\":\"Por la recuperaci&oacute;n de la memoria hist&oacute;rica\",\"potentialAction\":[{\"@type\":\"SearchAction\",\"target\":{\"@type\":\"EntryPoint\",\"urlTemplate\":\"https:\/\/www.intxorta.org\/tienda\/?s={search_term_string}\"},\"query-input\":{\"@type\":\"PropertyValueSpecification\",\"valueRequired\":true,\"valueName\":\"search_term_string\"}}],\"inLanguage\":\"es\"},{\"@type\":\"Person\",\"@id\":\"https:\/\/www.intxorta.org\/tienda\/#\/schema\/person\/02047d5d61c8629640dbafadc19b3340\",\"name\":\"Administrador\",\"image\":{\"@type\":\"ImageObject\",\"inLanguage\":\"es\",\"@id\":\"https:\/\/www.intxorta.org\/tienda\/#\/schema\/person\/image\/\",\"url\":\"https:\/\/secure.gravatar.com\/avatar\/3ae1b751c3c50785b6e8b17b962528e7218795ee4163565a2f84795be0c0d7f1?s=96&d=mm&r=g\",\"contentUrl\":\"https:\/\/secure.gravatar.com\/avatar\/3ae1b751c3c50785b6e8b17b962528e7218795ee4163565a2f84795be0c0d7f1?s=96&d=mm&r=g\",\"caption\":\"Administrador\"},\"url\":\"https:\/\/www.intxorta.org\/tienda\/author\/admin\/\"}]}<\/script>\n<!-- \/ Yoast SEO plugin. -->","yoast_head_json":{"title":"Emeterio Ortiz de Lejarazu Zalbidea y Juana S\u00e1ez Mart\u00ednez, impulsores del republicanismo en Antzuola - Tienda Online de Intxorta 1937 Kultur Elkartea","robots":{"index":"index","follow":"follow","max-snippet":"max-snippet:-1","max-image-preview":"max-image-preview:large","max-video-preview":"max-video-preview:-1"},"canonical":"https:\/\/www.intxorta.org\/tienda\/blog\/emeterio-ortiz-juana-saez-republicanismo-antzuola\/","og_locale":"es_ES","og_type":"article","og_title":"Emeterio Ortiz de Lejarazu Zalbidea y Juana S\u00e1ez Mart\u00ednez, impulsores del republicanismo en Antzuola - Tienda Online de Intxorta 1937 Kultur Elkartea","og_description":"Emeterio naci\u00f3 en 1889 en Baracaldo y Juana, un a\u00f1o despu\u00e9s, en Bilbao. \u201cA ambos les gustaba la vida aventurera por eso viajaron a Argentina, se casaron all\u00ed\u201d. Contraen matrimonio civil el 30 de junio de 1917 en la ciudad de Santa Fe.Emeterio naci\u00f3 en 1889 en Baracaldo y Juana, un a\u00f1o despu\u00e9s, en Bilbao. [&hellip;]","og_url":"https:\/\/www.intxorta.org\/tienda\/blog\/emeterio-ortiz-juana-saez-republicanismo-antzuola\/","og_site_name":"Tienda Online de Intxorta 1937 Kultur Elkartea","article_published_time":"2020-04-25T06:03:39+00:00","author":"Administrador","twitter_card":"summary_large_image","twitter_misc":{"Escrito por":"Administrador","Tiempo de lectura":"7 minutos"},"schema":{"@context":"https:\/\/schema.org","@graph":[{"@type":"Article","@id":"https:\/\/www.intxorta.org\/tienda\/blog\/emeterio-ortiz-juana-saez-republicanismo-antzuola\/#article","isPartOf":{"@id":"https:\/\/www.intxorta.org\/tienda\/blog\/emeterio-ortiz-juana-saez-republicanismo-antzuola\/"},"author":{"name":"Administrador","@id":"https:\/\/www.intxorta.org\/tienda\/#\/schema\/person\/02047d5d61c8629640dbafadc19b3340"},"headline":"Emeterio Ortiz de Lejarazu Zalbidea y Juana S\u00e1ez Mart\u00ednez, impulsores del republicanismo en Antzuola","datePublished":"2020-04-25T06:03:39+00:00","mainEntityOfPage":{"@id":"https:\/\/www.intxorta.org\/tienda\/blog\/emeterio-ortiz-juana-saez-republicanismo-antzuola\/"},"wordCount":1502,"commentCount":0,"articleSection":["Blog"],"inLanguage":"es","potentialAction":[{"@type":"CommentAction","name":"Comment","target":["https:\/\/www.intxorta.org\/tienda\/blog\/emeterio-ortiz-juana-saez-republicanismo-antzuola\/#respond"]}]},{"@type":"WebPage","@id":"https:\/\/www.intxorta.org\/tienda\/blog\/emeterio-ortiz-juana-saez-republicanismo-antzuola\/","url":"https:\/\/www.intxorta.org\/tienda\/blog\/emeterio-ortiz-juana-saez-republicanismo-antzuola\/","name":"Emeterio Ortiz de Lejarazu Zalbidea y Juana S\u00e1ez Mart\u00ednez, impulsores del republicanismo en Antzuola - Tienda Online de Intxorta 1937 Kultur Elkartea","isPartOf":{"@id":"https:\/\/www.intxorta.org\/tienda\/#website"},"datePublished":"2020-04-25T06:03:39+00:00","author":{"@id":"https:\/\/www.intxorta.org\/tienda\/#\/schema\/person\/02047d5d61c8629640dbafadc19b3340"},"breadcrumb":{"@id":"https:\/\/www.intxorta.org\/tienda\/blog\/emeterio-ortiz-juana-saez-republicanismo-antzuola\/#breadcrumb"},"inLanguage":"es","potentialAction":[{"@type":"ReadAction","target":["https:\/\/www.intxorta.org\/tienda\/blog\/emeterio-ortiz-juana-saez-republicanismo-antzuola\/"]}]},{"@type":"BreadcrumbList","@id":"https:\/\/www.intxorta.org\/tienda\/blog\/emeterio-ortiz-juana-saez-republicanismo-antzuola\/#breadcrumb","itemListElement":[{"@type":"ListItem","position":1,"name":"Portada","item":"http:\/\/www.intxorta.org\/tienda\/"},{"@type":"ListItem","position":2,"name":"Emeterio Ortiz de Lejarazu Zalbidea y Juana S\u00e1ez Mart\u00ednez, impulsores del republicanismo en Antzuola"}]},{"@type":"WebSite","@id":"https:\/\/www.intxorta.org\/tienda\/#website","url":"https:\/\/www.intxorta.org\/tienda\/","name":"Tienda Online de Intxorta 1937 Kultur Elkartea","description":"Por la recuperaci&oacute;n de la memoria hist&oacute;rica","potentialAction":[{"@type":"SearchAction","target":{"@type":"EntryPoint","urlTemplate":"https:\/\/www.intxorta.org\/tienda\/?s={search_term_string}"},"query-input":{"@type":"PropertyValueSpecification","valueRequired":true,"valueName":"search_term_string"}}],"inLanguage":"es"},{"@type":"Person","@id":"https:\/\/www.intxorta.org\/tienda\/#\/schema\/person\/02047d5d61c8629640dbafadc19b3340","name":"Administrador","image":{"@type":"ImageObject","inLanguage":"es","@id":"https:\/\/www.intxorta.org\/tienda\/#\/schema\/person\/image\/","url":"https:\/\/secure.gravatar.com\/avatar\/3ae1b751c3c50785b6e8b17b962528e7218795ee4163565a2f84795be0c0d7f1?s=96&d=mm&r=g","contentUrl":"https:\/\/secure.gravatar.com\/avatar\/3ae1b751c3c50785b6e8b17b962528e7218795ee4163565a2f84795be0c0d7f1?s=96&d=mm&r=g","caption":"Administrador"},"url":"https:\/\/www.intxorta.org\/tienda\/author\/admin\/"}]}},"_links":{"self":[{"href":"https:\/\/www.intxorta.org\/tienda\/wp-json\/wp\/v2\/posts\/4673","targetHints":{"allow":["GET"]}}],"collection":[{"href":"https:\/\/www.intxorta.org\/tienda\/wp-json\/wp\/v2\/posts"}],"about":[{"href":"https:\/\/www.intxorta.org\/tienda\/wp-json\/wp\/v2\/types\/post"}],"author":[{"embeddable":true,"href":"https:\/\/www.intxorta.org\/tienda\/wp-json\/wp\/v2\/users\/1"}],"replies":[{"embeddable":true,"href":"https:\/\/www.intxorta.org\/tienda\/wp-json\/wp\/v2\/comments?post=4673"}],"version-history":[{"count":0,"href":"https:\/\/www.intxorta.org\/tienda\/wp-json\/wp\/v2\/posts\/4673\/revisions"}],"wp:attachment":[{"href":"https:\/\/www.intxorta.org\/tienda\/wp-json\/wp\/v2\/media?parent=4673"}],"wp:term":[{"taxonomy":"category","embeddable":true,"href":"https:\/\/www.intxorta.org\/tienda\/wp-json\/wp\/v2\/categories?post=4673"},{"taxonomy":"post_tag","embeddable":true,"href":"https:\/\/www.intxorta.org\/tienda\/wp-json\/wp\/v2\/tags?post=4673"}],"curies":[{"name":"wp","href":"https:\/\/api.w.org\/{rel}","templated":true}]}}